{"id":11530,"date":"2025-03-28T17:03:51","date_gmt":"2025-03-28T17:03:51","guid":{"rendered":"https:\/\/www.eggo.be\/?p=11530"},"modified":"2025-11-14T13:09:36","modified_gmt":"2025-11-14T13:09:36","slug":"comment-prolonger-la-duree-de-vie-de-vos-appareils-electromenagers","status":"publish","type":"post","link":"https:\/\/www.eggo.lu\/fr\/blog\/comment-prolonger-la-duree-de-vie-de-vos-appareils-electromenagers\/","title":{"rendered":"Nos\u00a0astuces\u00a0pour\u00a0maximiser la dur\u00e9e de vie\u00a0de vos appareils\u00a0\u00e9lectrom\u00e9nagers\u00a0et faire des\u00a0\u00e9conomies d\u2019\u00e9nergie"},"content":{"rendered":"\t\t<div data-elementor-type=\"wp-post\" data-elementor-id=\"11530\" class=\"elementor elementor-11530\" data-elementor-post-type=\"post\">\n\t\t\t\t<div class=\"elementor-element elementor-element-bd8e2cf e-flex e-con-boxed e-con e-parent\" data-id=\"bd8e2cf\" data-element_type=\"container\" data-e-type=\"container\">\n\t\t\t\t\t<div class=\"e-con-inner\">\n\t\t<div class=\"elementor-element elementor-element-11055a5 e-con-full e-flex e-con e-child\" data-id=\"11055a5\" data-element_type=\"container\" data-e-type=\"container\">\n\t\t\t\t<div class=\"elementor-element elementor-element-3c90692 elementor-widget elementor-widget-theme-post-title elementor-page-title elementor-widget-heading\" data-id=\"3c90692\" data-element_type=\"widget\" data-e-type=\"widget\" data-widget_type=\"theme-post-title.default\">\n\t\t\t\t<div class=\"elementor-widget-container\">\n\t\t\t\t\t<h1 class=\"elementor-heading-title elementor-size-default\">Nos\u00a0astuces\u00a0pour\u00a0maximiser la dur\u00e9e de vie\u00a0de vos appareils\u00a0\u00e9lectrom\u00e9nagers\u00a0et faire des\u00a0\u00e9conomies d\u2019\u00e9nergie<\/h1>\t\t\t\t<\/div>\n\t\t\t\t<\/div>\n\t\t\t\t<div class=\"elementor-element elementor-element-235c2e1 elementor-widget elementor-widget-theme-post-excerpt\" data-id=\"235c2e1\" data-element_type=\"widget\" data-e-type=\"widget\" data-widget_type=\"theme-post-excerpt.default\">\n\t\t\t\t<div class=\"elementor-widget-container\">\n\t\t\t\t\tChaque jour, nous utilisons nos appareils \u00e9lectrom\u00e9nagers afin de<strong> faciliter nos routines habituelles. <\/strong> Toutefois, leur durabilit\u00e9 est souvent mise \u00e0 rude \u00e9preuve. Que mettre en place pour y rem\u00e9dier ? Nos conseillers \u00e8ggo r\u00e9pondent pr\u00e9sents pour vous partager leur savoir-faire en mati\u00e8re d\u2019\u00e9lectrom\u00e9nagers.\n\nDans cet article, nous vous invitons \u00e0 explorer ensemble <strong> les pistes simples et efficaces <strong> pour optimiser la dur\u00e9e de vie de vos appareils \u00e9lectrom\u00e9nagers.\t\t\t\t<\/div>\n\t\t\t\t<\/div>\n\t\t\t\t<\/div>\n\t\t<div class=\"elementor-element elementor-element-c8b1fba e-con-full e-flex e-con e-child\" data-id=\"c8b1fba\" data-element_type=\"container\" data-e-type=\"container\" data-settings=\"{&quot;background_background&quot;:&quot;classic&quot;}\">\n\t\t\t\t<\/div>\n\t\t\t\t\t<\/div>\n\t\t\t\t<\/div>\n\t\t<div class=\"elementor-element elementor-element-d74deb7 e-flex e-con-boxed e-con e-parent\" data-id=\"d74deb7\" data-element_type=\"container\" data-e-type=\"container\" data-settings=\"{&quot;background_background&quot;:&quot;classic&quot;}\">\n\t\t\t\t\t<div class=\"e-con-inner\">\n\t\t<div class=\"elementor-element elementor-element-65a2ca6 e-flex e-con-boxed e-con e-child\" data-id=\"65a2ca6\" data-element_type=\"container\" data-e-type=\"container\">\n\t\t\t\t\t<div class=\"e-con-inner\">\n\t\t\t\t<div class=\"elementor-element elementor-element-366d5d0 elementor-widget elementor-widget-heading\" data-id=\"366d5d0\" data-element_type=\"widget\" data-e-type=\"widget\" data-widget_type=\"heading.default\">\n\t\t\t\t<div class=\"elementor-widget-container\">\n\t\t\t\t\t<h2 class=\"elementor-heading-title elementor-size-default\">Maximisez la durabilit\u00e9 de votre frigo encastrable<\/h2>\t\t\t\t<\/div>\n\t\t\t\t<\/div>\n\t\t\t\t<div class=\"elementor-element elementor-element-01edc6a elementor-widget elementor-widget-text-editor\" data-id=\"01edc6a\" data-element_type=\"widget\" data-e-type=\"widget\" data-widget_type=\"text-editor.default\">\n\t\t\t\t<div class=\"elementor-widget-container\">\n\t\t\t\t\t\t\t\t\t<p>Dans l\u2019univers de la cuisine, le\u00a0<a href=\"https:\/\/www.eggo.lu\/cuisines\/electromenager\">r\u00e9frig\u00e9rateur<\/a>\u00a0est le gardien incontest\u00e9 de la fra\u00eecheur. Cet appareil est sans arr\u00eat en activit\u00e9 pour pr\u00e9server la qualit\u00e9 de vos aliments. Voici quelques conseils pour vous aider \u00e0 optimiser le fonctionnement de votre frigo et prolonger sa dur\u00e9e de vie.<\/p>\t\t\t\t\t\t\t\t<\/div>\n\t\t\t\t<\/div>\n\t\t\t\t\t<\/div>\n\t\t\t\t<\/div>\n\t\t<div class=\"elementor-element elementor-element-6fb33eb e-con-full e-flex e-con e-child\" data-id=\"6fb33eb\" data-element_type=\"container\" data-e-type=\"container\">\n\t\t<div class=\"elementor-element elementor-element-7978662 e-con-full e-flex e-con e-child\" data-id=\"7978662\" data-element_type=\"container\" data-e-type=\"container\">\n\t\t<div class=\"elementor-element elementor-element-d485718 e-con-full e-flex e-con e-child\" data-id=\"d485718\" data-element_type=\"container\" data-e-type=\"container\">\n\t\t\t\t<div class=\"elementor-element elementor-element-98d1bc6 elementor-widget elementor-widget-image\" data-id=\"98d1bc6\" data-element_type=\"widget\" data-e-type=\"widget\" data-widget_type=\"image.default\">\n\t\t\t\t<div class=\"elementor-widget-container\">\n\t\t\t\t\t\t\t\t\t\t\t\t\t\t\t<img fetchpriority=\"high\" decoding=\"async\" width=\"481\" height=\"384\" src=\"https:\/\/www.eggo.lu\/wp-content\/uploads\/2025\/03\/Rectangle-379-4-1.png\" class=\"attachment-large size-large wp-image-16172\" alt=\"Cuisine moderne avec des armoires noires, un \u00eelot central en bois, des chaises noires et des luminaires suspendus.\" srcset=\"https:\/\/www.eggo.lu\/wp-content\/uploads\/2025\/03\/Rectangle-379-4-1.png 481w, https:\/\/www.eggo.lu\/wp-content\/uploads\/2025\/03\/Rectangle-379-4-1-300x240.png 300w\" sizes=\"(max-width: 481px) 100vw, 481px\" \/>\t\t\t\t\t\t\t\t\t\t\t\t\t\t\t<\/div>\n\t\t\t\t<\/div>\n\t\t<div class=\"elementor-element elementor-element-9e133ba e-con-full e-flex e-con e-child\" data-id=\"9e133ba\" data-element_type=\"container\" data-e-type=\"container\">\n\t\t\t\t<div class=\"elementor-element elementor-element-5c196cb elementor-widget elementor-widget-heading\" data-id=\"5c196cb\" data-element_type=\"widget\" data-e-type=\"widget\" data-widget_type=\"heading.default\">\n\t\t\t\t<div class=\"elementor-widget-container\">\n\t\t\t\t\t<h2 class=\"elementor-heading-title elementor-size-default\">Entretenir les joints d\u2019\u00e9tanch\u00e9it\u00e9<\/h2>\t\t\t\t<\/div>\n\t\t\t\t<\/div>\n\t\t\t\t<div class=\"elementor-element elementor-element-51b0e32 elementor-widget elementor-widget-text-editor\" data-id=\"51b0e32\" data-element_type=\"widget\" data-e-type=\"widget\" data-widget_type=\"text-editor.default\">\n\t\t\t\t<div class=\"elementor-widget-container\">\n\t\t\t\t\t\t\t\t\t<p>Un entretien r\u00e9gulier des joints d\u2019\u00e9tanch\u00e9it\u00e9 de votre r\u00e9frig\u00e9rateur est essentiel pour \u00e9viter les fuites d\u2019air et garantir la fermeture de la porte. Pour un nettoyage efficace, voici\u00a0<strong>comment proc\u00e9der<\/strong>. D\u2019abord, utilisez une\u00a0<strong>brosse \u00e0 dents souple<\/strong>\u00a0et une solution de nettoyage compos\u00e9e de\u00a0<strong>vinaigre blanc et d\u2019eau ti\u00e8de<\/strong>. Ensuite,\u00a0<strong>nettoyez le joint<\/strong>\u00a0avec un chiffon doux et\u00a0<strong>s\u00e9chez-le correctement<\/strong>\u00a0pour ne pas laisser de traces humides.<\/p>\t\t\t\t\t\t\t\t<\/div>\n\t\t\t\t<\/div>\n\t\t\t\t<\/div>\n\t\t\t\t<\/div>\n\t\t<div class=\"elementor-element elementor-element-3f9fc7e e-con-full e-flex e-con e-child\" data-id=\"3f9fc7e\" data-element_type=\"container\" data-e-type=\"container\">\n\t\t\t\t<div class=\"elementor-element elementor-element-cac34f7 elementor-widget elementor-widget-image\" data-id=\"cac34f7\" data-element_type=\"widget\" data-e-type=\"widget\" data-widget_type=\"image.default\">\n\t\t\t\t<div class=\"elementor-widget-container\">\n\t\t\t\t\t\t\t\t\t\t\t\t\t\t\t<img decoding=\"async\" width=\"415\" height=\"364\" src=\"https:\/\/www.eggo.lu\/wp-content\/uploads\/2025\/03\/image-48.png\" class=\"attachment-large size-large wp-image-16170\" alt=\"Un doigt appuie sur l&#039;\u00e9cran tactile noir d&#039;un r\u00e9frig\u00e9rateur affichant une temp\u00e9rature de -18\u00b0C.\" srcset=\"https:\/\/www.eggo.lu\/wp-content\/uploads\/2025\/03\/image-48.png 415w, https:\/\/www.eggo.lu\/wp-content\/uploads\/2025\/03\/image-48-300x263.png 300w\" sizes=\"(max-width: 415px) 100vw, 415px\" \/>\t\t\t\t\t\t\t\t\t\t\t\t\t\t\t<\/div>\n\t\t\t\t<\/div>\n\t\t<div class=\"elementor-element elementor-element-04d1a5e e-con-full e-flex e-con e-child\" data-id=\"04d1a5e\" data-element_type=\"container\" data-e-type=\"container\">\n\t\t\t\t<div class=\"elementor-element elementor-element-33c2fbf elementor-widget elementor-widget-heading\" data-id=\"33c2fbf\" data-element_type=\"widget\" data-e-type=\"widget\" data-widget_type=\"heading.default\">\n\t\t\t\t<div class=\"elementor-widget-container\">\n\t\t\t\t\t<h2 class=\"elementor-heading-title elementor-size-default\">Gestion de la temp\u00e9rature interne<\/h2>\t\t\t\t<\/div>\n\t\t\t\t<\/div>\n\t\t\t\t<div class=\"elementor-element elementor-element-3df3dc1 elementor-widget elementor-widget-text-editor\" data-id=\"3df3dc1\" data-element_type=\"widget\" data-e-type=\"widget\" data-widget_type=\"text-editor.default\">\n\t\t\t\t<div class=\"elementor-widget-container\">\n\t\t\t\t\t\t\t\t\t<p>La cl\u00e9 de la long\u00e9vit\u00e9 de votre frigo r\u00e9side dans la gestion efficace de sa temp\u00e9rature. Il est important de maintenir la temp\u00e9rature\u00a0<strong>entre 2\u00b0 et 5\u00b0 degr\u00e9s<\/strong>. Ce r\u00e9glage optimal pr\u00e9serve la fra\u00eecheur de vos aliments mais contribue aussi \u00e0 l\u2019efficacit\u00e9 \u00e9nerg\u00e9tique de votre appareil.<\/p>\t\t\t\t\t\t\t\t<\/div>\n\t\t\t\t<\/div>\n\t\t\t\t<\/div>\n\t\t\t\t<\/div>\n\t\t<div class=\"elementor-element elementor-element-5cf3642 e-con-full e-flex e-con e-child\" data-id=\"5cf3642\" data-element_type=\"container\" data-e-type=\"container\">\n\t\t\t\t<div class=\"elementor-element elementor-element-ef26438 elementor-widget elementor-widget-image\" data-id=\"ef26438\" data-element_type=\"widget\" data-e-type=\"widget\" data-widget_type=\"image.default\">\n\t\t\t\t<div class=\"elementor-widget-container\">\n\t\t\t\t\t\t\t\t\t\t\t\t\t\t\t<img decoding=\"async\" width=\"414\" height=\"364\" src=\"https:\/\/www.eggo.lu\/wp-content\/uploads\/2025\/03\/image-49.png\" class=\"attachment-large size-large wp-image-16168\" alt=\"Femme souriante portant une chemise en jean, atteignant une bo\u00eete en carton contenant des l\u00e9gumes frais dans une cuisine moderne.\" srcset=\"https:\/\/www.eggo.lu\/wp-content\/uploads\/2025\/03\/image-49.png 414w, https:\/\/www.eggo.lu\/wp-content\/uploads\/2025\/03\/image-49-300x264.png 300w\" sizes=\"(max-width: 414px) 100vw, 414px\" \/>\t\t\t\t\t\t\t\t\t\t\t\t\t\t\t<\/div>\n\t\t\t\t<\/div>\n\t\t<div class=\"elementor-element elementor-element-a2db442 e-con-full e-flex e-con e-child\" data-id=\"a2db442\" data-element_type=\"container\" data-e-type=\"container\">\n\t\t\t\t<div class=\"elementor-element elementor-element-74dd147 elementor-widget elementor-widget-heading\" data-id=\"74dd147\" data-element_type=\"widget\" data-e-type=\"widget\" data-widget_type=\"heading.default\">\n\t\t\t\t<div class=\"elementor-widget-container\">\n\t\t\t\t\t<h2 class=\"elementor-heading-title elementor-size-default\">Agencer judicieusement vos aliments<\/h2>\t\t\t\t<\/div>\n\t\t\t\t<\/div>\n\t\t\t\t<div class=\"elementor-element elementor-element-5763050 elementor-widget elementor-widget-text-editor\" data-id=\"5763050\" data-element_type=\"widget\" data-e-type=\"widget\" data-widget_type=\"text-editor.default\">\n\t\t\t\t<div class=\"elementor-widget-container\">\n\t\t\t\t\t\t\t\t\t<p>L\u2019organisation de vos aliments dans le r\u00e9frig\u00e9rateur peut grandement influencer son efficacit\u00e9. En laissant un espace suffisant entre les produits, vous\u00a0<strong>favorisez une circulation d\u2019air optimale<\/strong>\u00a0et une r\u00e9partition uniforme du froid. De plus,\u00a0<strong>chaque zone de votre frigo<\/strong>\u00a0poss\u00e8de une\u00a0<strong>temp\u00e9rature sp\u00e9cifique<\/strong>. Par exemple, le bas du frigo est l\u2019endroit id\u00e9al pour conserver vos fruits et l\u00e9gumes frais. Au contraire, la zone la plus froide, g\u00e9n\u00e9ralement situ\u00e9e au-dessus du bac \u00e0 l\u00e9gumes est, quant \u00e0 elle, parfaite pour vos viandes et poissons.<\/p>\t\t\t\t\t\t\t\t<\/div>\n\t\t\t\t<\/div>\n\t\t\t\t<\/div>\n\t\t\t\t<\/div>\n\t\t<div class=\"elementor-element elementor-element-a0b89da e-con-full e-flex e-con e-child\" data-id=\"a0b89da\" data-element_type=\"container\" data-e-type=\"container\">\n\t\t<div class=\"elementor-element elementor-element-05b4a92 e-con-full e-flex e-con e-child\" data-id=\"05b4a92\" data-element_type=\"container\" data-e-type=\"container\">\n\t\t\t\t<div class=\"elementor-element elementor-element-3d364c1 elementor-widget elementor-widget-heading\" data-id=\"3d364c1\" data-element_type=\"widget\" data-e-type=\"widget\" data-widget_type=\"heading.default\">\n\t\t\t\t<div class=\"elementor-widget-container\">\n\t\t\t\t\t<h2 class=\"elementor-heading-title elementor-size-default\">Pr\u00e9f\u00e9rer un r\u00e9frig\u00e9rateur froid statique<\/h2>\t\t\t\t<\/div>\n\t\t\t\t<\/div>\n\t\t\t\t<div class=\"elementor-element elementor-element-7adeee8 elementor-widget elementor-widget-text-editor\" data-id=\"7adeee8\" data-element_type=\"widget\" data-e-type=\"widget\" data-widget_type=\"text-editor.default\">\n\t\t\t\t<div class=\"elementor-widget-container\">\n\t\t\t\t\t\t\t\t\t<p>Si vous envisagez d\u2019acqu\u00e9rir un nouvel appareil, nous vous recommandons de choisir un mod\u00e8le de\u00a0<strong>r\u00e9frig\u00e9rateur \u00e0 \u00ab\u00a0froid statique\u00a0\u00bb<\/strong>\u00a0plut\u00f4t qu\u2019un mod\u00e8le \u00e0 \u00ab\u00a0froid ventil\u00e9\u00a0\u00bb. Bien que le frigo \u00e0 froid ventil\u00e9 refroidisse plus rapidement et prolonge la dur\u00e9e de vie de vos aliments p\u00e9rissables, il consomme plus d\u2019\u00e9nergie. En revanche, le mod\u00e8le \u00e0 froid statique peut vous aider \u00e0\u00a0<strong>\u00e9conomiser de l\u2019\u00e9nergie<\/strong>\u00a0et \u00e0\u00a0<strong>prolonger la long\u00e9vit\u00e9 de vos appareils \u00e9lectrom\u00e9nagers<\/strong>.<\/p>\t\t\t\t\t\t\t\t<\/div>\n\t\t\t\t<\/div>\n\t\t\t\t<\/div>\n\t\t\t\t<\/div>\n\t\t<div class=\"elementor-element elementor-element-0e6f22f e-con-full e-flex e-con e-child\" data-id=\"0e6f22f\" data-element_type=\"container\" data-e-type=\"container\">\n\t\t<div class=\"elementor-element elementor-element-331210e e-con-full e-flex e-con e-child\" data-id=\"331210e\" data-element_type=\"container\" data-e-type=\"container\">\n\t\t\t\t<div class=\"elementor-element elementor-element-118870e elementor-widget elementor-widget-heading\" data-id=\"118870e\" data-element_type=\"widget\" data-e-type=\"widget\" data-widget_type=\"heading.default\">\n\t\t\t\t<div class=\"elementor-widget-container\">\n\t\t\t\t\t<h2 class=\"elementor-heading-title elementor-size-default\">Laisser refroidir les aliments<\/h2>\t\t\t\t<\/div>\n\t\t\t\t<\/div>\n\t\t\t\t<div class=\"elementor-element elementor-element-1fef387 elementor-widget elementor-widget-text-editor\" data-id=\"1fef387\" data-element_type=\"widget\" data-e-type=\"widget\" data-widget_type=\"text-editor.default\">\n\t\t\t\t<div class=\"elementor-widget-container\">\n\t\t\t\t\t\t\t\t\t<p>Apr\u00e8s le repas,\u00a0<strong>attendez que vos plats aient refroidi<\/strong>\u00a0avant de les ranger dans le r\u00e9frig\u00e9rateur. Cela\u00a0<strong>soulagera le compresseur<\/strong>\u00a0et aidera \u00e0\u00a0<strong>maintenir une temp\u00e9rature constante<\/strong>\u00a0\u00e0 l\u2019int\u00e9rieur de votre appareil \u00e9lectrom\u00e9nager.<\/p>\t\t\t\t\t\t\t\t<\/div>\n\t\t\t\t<\/div>\n\t\t\t\t<\/div>\n\t\t\t\t<\/div>\n\t\t<div class=\"elementor-element elementor-element-a8a0d3d e-con-full e-flex e-con e-child\" data-id=\"a8a0d3d\" data-element_type=\"container\" data-e-type=\"container\">\n\t\t<div class=\"elementor-element elementor-element-21691c2 e-con-full e-flex e-con e-child\" data-id=\"21691c2\" data-element_type=\"container\" data-e-type=\"container\">\n\t\t\t\t<div class=\"elementor-element elementor-element-7c5d1f8 elementor-widget elementor-widget-heading\" data-id=\"7c5d1f8\" data-element_type=\"widget\" data-e-type=\"widget\" data-widget_type=\"heading.default\">\n\t\t\t\t<div class=\"elementor-widget-container\">\n\t\t\t\t\t<h2 class=\"elementor-heading-title elementor-size-default\">D\u00e9congeler r\u00e9guli\u00e8rement votre cong\u00e9lateur<\/h2>\t\t\t\t<\/div>\n\t\t\t\t<\/div>\n\t\t\t\t<div class=\"elementor-element elementor-element-e0bbcd7 elementor-widget elementor-widget-text-editor\" data-id=\"e0bbcd7\" data-element_type=\"widget\" data-e-type=\"widget\" data-widget_type=\"text-editor.default\">\n\t\t\t\t<div class=\"elementor-widget-container\">\n\t\t\t\t\t\t\t\t\t<p>Effectivement le givre peut\u00a0<strong>r\u00e9duire l\u2019efficacit\u00e9 de l\u2019appareil<\/strong>\u00a0et\u00a0<strong>augmenter votre facture d\u2019\u00e9nergie<\/strong>. Un d\u00e9givrage r\u00e9gulier permet de maintenir votre cong\u00e9lateur en bon \u00e9tat de fonctionnement et de r\u00e9duire sa consommation d\u2019\u00e9nergie.<\/p>\t\t\t\t\t\t\t\t<\/div>\n\t\t\t\t<\/div>\n\t\t\t\t<\/div>\n\t\t\t\t<\/div>\n\t\t\t\t<\/div>\n\t\t\t\t<\/div>\n\t\t\t\t\t<\/div>\n\t\t\t\t<\/div>\n\t\t<div class=\"elementor-element elementor-element-7a19309 e-flex e-con-boxed e-con e-parent\" data-id=\"7a19309\" data-element_type=\"container\" data-e-type=\"container\">\n\t\t\t\t\t<div class=\"e-con-inner\">\n\t\t<div class=\"elementor-element elementor-element-37ed911 e-flex e-con-boxed e-con e-child\" data-id=\"37ed911\" data-element_type=\"container\" data-e-type=\"container\">\n\t\t\t\t\t<div class=\"e-con-inner\">\n\t\t\t\t<div class=\"elementor-element elementor-element-ea5c454 elementor-widget elementor-widget-heading\" data-id=\"ea5c454\" data-element_type=\"widget\" data-e-type=\"widget\" data-widget_type=\"heading.default\">\n\t\t\t\t<div class=\"elementor-widget-container\">\n\t\t\t\t\t<h2 class=\"elementor-heading-title elementor-size-default\">Chouchouter votre lave-vaisselle<\/h2>\t\t\t\t<\/div>\n\t\t\t\t<\/div>\n\t\t\t\t<div class=\"elementor-element elementor-element-a78d00f elementor-widget elementor-widget-text-editor\" data-id=\"a78d00f\" data-element_type=\"widget\" data-e-type=\"widget\" data-widget_type=\"text-editor.default\">\n\t\t\t\t<div class=\"elementor-widget-container\">\n\t\t\t\t\t\t\t\t\t<p>Un\u00a0<a href=\"https:\/\/www.eggo.be\/fr\/cuisines\/electromenager\">lave-vaisselle<\/a>\u00a0est plus qu\u2019un simple appareil qui vous fait \u00e9conomiser du temps. C\u2019est un compagnon indispensable pour une cuisine \u00e0 la propret\u00e9 irr\u00e9prochable. Il est essentiel de chouchouter votre lave-vaisselle pour qu\u2019il puisse continuer \u00e0 briller dans sa mission au quotidien. Voici donc nos conseils experts pour prolonger sa long\u00e9vit\u00e9.<\/p>\t\t\t\t\t\t\t\t<\/div>\n\t\t\t\t<\/div>\n\t\t\t\t\t<\/div>\n\t\t\t\t<\/div>\n\t\t<div class=\"elementor-element elementor-element-8d53e58 e-con-full e-flex e-con e-child\" data-id=\"8d53e58\" data-element_type=\"container\" data-e-type=\"container\">\n\t\t<div class=\"elementor-element elementor-element-19c17e6 e-con-full e-flex e-con e-child\" data-id=\"19c17e6\" data-element_type=\"container\" data-e-type=\"container\">\n\t\t<div class=\"elementor-element elementor-element-f0bb5cc e-con-full e-flex e-con e-child\" data-id=\"f0bb5cc\" data-element_type=\"container\" data-e-type=\"container\">\n\t\t\t\t<div class=\"elementor-element elementor-element-40fc755 elementor-widget elementor-widget-image\" data-id=\"40fc755\" data-element_type=\"widget\" data-e-type=\"widget\" data-widget_type=\"image.default\">\n\t\t\t\t<div class=\"elementor-widget-container\">\n\t\t\t\t\t\t\t\t\t\t\t\t\t\t\t<img loading=\"lazy\" decoding=\"async\" width=\"629\" height=\"239\" src=\"https:\/\/www.eggo.lu\/wp-content\/uploads\/2025\/03\/image-50.png\" class=\"attachment-large size-large wp-image-16166\" alt=\"Cuisine moderne avec \u00eelot central noir, \u00e9vier int\u00e9gr\u00e9, lave-vaisselle ouvert rempli de vaisselle blanche, et plan de travail d\u00e9cor\u00e9 de fruits et herbes.\" srcset=\"https:\/\/www.eggo.lu\/wp-content\/uploads\/2025\/03\/image-50.png 629w, https:\/\/www.eggo.lu\/wp-content\/uploads\/2025\/03\/image-50-300x114.png 300w\" sizes=\"(max-width: 629px) 100vw, 629px\" \/>\t\t\t\t\t\t\t\t\t\t\t\t\t\t\t<\/div>\n\t\t\t\t<\/div>\n\t\t<div class=\"elementor-element elementor-element-24037b2 e-con-full e-flex e-con e-child\" data-id=\"24037b2\" data-element_type=\"container\" data-e-type=\"container\">\n\t\t\t\t<div class=\"elementor-element elementor-element-8db139d elementor-widget elementor-widget-heading\" data-id=\"8db139d\" data-element_type=\"widget\" data-e-type=\"widget\" data-widget_type=\"heading.default\">\n\t\t\t\t<div class=\"elementor-widget-container\">\n\t\t\t\t\t<h2 class=\"elementor-heading-title elementor-size-default\">Entretien r\u00e9gulier<\/h2>\t\t\t\t<\/div>\n\t\t\t\t<\/div>\n\t\t\t\t<div class=\"elementor-element elementor-element-95237e7 elementor-widget elementor-widget-text-editor\" data-id=\"95237e7\" data-element_type=\"widget\" data-e-type=\"widget\" data-widget_type=\"text-editor.default\">\n\t\t\t\t<div class=\"elementor-widget-container\">\n\t\t\t\t\t\t\t\t\t<p>Nos experts vous recommandent d\u2019adopter une routine de nettoyage r\u00e9guli\u00e8re pour votre lave-vaisselle. Pour une performance optimale, en effet, nettoyez\u00a0<strong>toutes les deux semaines\u00a0<\/strong>vos filtres et joints.<\/p>\t\t\t\t\t\t\t\t<\/div>\n\t\t\t\t<\/div>\n\t\t\t\t<\/div>\n\t\t\t\t<\/div>\n\t\t<div class=\"elementor-element elementor-element-35fef85 e-con-full e-flex e-con e-child\" data-id=\"35fef85\" data-element_type=\"container\" data-e-type=\"container\">\n\t\t\t\t<div class=\"elementor-element elementor-element-fa8f42b elementor-widget elementor-widget-image\" data-id=\"fa8f42b\" data-element_type=\"widget\" data-e-type=\"widget\" data-widget_type=\"image.default\">\n\t\t\t\t<div class=\"elementor-widget-container\">\n\t\t\t\t\t\t\t\t\t\t\t\t\t\t\t<img loading=\"lazy\" decoding=\"async\" width=\"629\" height=\"239\" src=\"https:\/\/www.eggo.lu\/wp-content\/uploads\/2025\/03\/image-51.png\" class=\"attachment-large size-large wp-image-16164\" alt=\"Main tournant un cadran lumineux avec des lettres color\u00e9es de A \u00e0 E, cadran \u00e9mettant une lueur verte.\" srcset=\"https:\/\/www.eggo.lu\/wp-content\/uploads\/2025\/03\/image-51.png 629w, https:\/\/www.eggo.lu\/wp-content\/uploads\/2025\/03\/image-51-300x114.png 300w\" sizes=\"(max-width: 629px) 100vw, 629px\" \/>\t\t\t\t\t\t\t\t\t\t\t\t\t\t\t<\/div>\n\t\t\t\t<\/div>\n\t\t<div class=\"elementor-element elementor-element-e2e6085 e-con-full e-flex e-con e-child\" data-id=\"e2e6085\" data-element_type=\"container\" data-e-type=\"container\">\n\t\t\t\t<div class=\"elementor-element elementor-element-7df7fec elementor-widget elementor-widget-heading\" data-id=\"7df7fec\" data-element_type=\"widget\" data-e-type=\"widget\" data-widget_type=\"heading.default\">\n\t\t\t\t<div class=\"elementor-widget-container\">\n\t\t\t\t\t<h2 class=\"elementor-heading-title elementor-size-default\">Opter pour le cycle Eco<\/h2>\t\t\t\t<\/div>\n\t\t\t\t<\/div>\n\t\t\t\t<div class=\"elementor-element elementor-element-8bd6aa2 elementor-widget elementor-widget-text-editor\" data-id=\"8bd6aa2\" data-element_type=\"widget\" data-e-type=\"widget\" data-widget_type=\"text-editor.default\">\n\t\t\t\t<div class=\"elementor-widget-container\">\n\t\t\t\t\t\t\t\t\t<p>Le cycle Eco est une m\u00e9thode efficace pour \u00e9conomiser de l\u2019\u00e9nergie. Cela implique n\u00e9anmoins une attention particuli\u00e8re sur le\u00a0<strong>choix des d\u00e9tergents<\/strong>. En effet, il est recommand\u00e9 de choisir des\u00a0<strong>pastilles premium<\/strong>\u00a0qui se dissolvent correctement. Le tout pour assurer un nettoyage optimal. De la sorte, vous garantissez une propret\u00e9 impeccable de votre vaisselle tout en contribuant \u00e0\u00a0<a href=\"https:\/\/www.eggo.lu\/eggo-life\/\">la protection de la plan\u00e8te<\/a>.<\/p>\t\t\t\t\t\t\t\t<\/div>\n\t\t\t\t<\/div>\n\t\t\t\t<\/div>\n\t\t\t\t<\/div>\n\t\t<div class=\"elementor-element elementor-element-25bba5a e-con-full e-flex e-con e-child\" data-id=\"25bba5a\" data-element_type=\"container\" data-e-type=\"container\">\n\t\t<div class=\"elementor-element elementor-element-0e9cb2d e-con-full e-flex e-con e-child\" data-id=\"0e9cb2d\" data-element_type=\"container\" data-e-type=\"container\">\n\t\t\t\t<div class=\"elementor-element elementor-element-545cb96 elementor-widget elementor-widget-heading\" data-id=\"545cb96\" data-element_type=\"widget\" data-e-type=\"widget\" data-widget_type=\"heading.default\">\n\t\t\t\t<div class=\"elementor-widget-container\">\n\t\t\t\t\t<h2 class=\"elementor-heading-title elementor-size-default\">\u00c9viter les pr\u00e9rin\u00e7ages<\/h2>\t\t\t\t<\/div>\n\t\t\t\t<\/div>\n\t\t\t\t<div class=\"elementor-element elementor-element-ae5b8de elementor-widget elementor-widget-text-editor\" data-id=\"ae5b8de\" data-element_type=\"widget\" data-e-type=\"widget\" data-widget_type=\"text-editor.default\">\n\t\t\t\t<div class=\"elementor-widget-container\">\n\t\t\t\t\t\t\t\t\t<p>Vous avez souvent l\u2019habitude de rincer vos plats et assiettes avant de les mettre au lave-vaisselle\u00a0? Cependant, cette pratique est une\u00a0<strong>consommation d\u2019eau superflue<\/strong>\u00a0et une surconsommation d\u2019\u00e9nergie. C\u2019est pourquoi, chez \u00e8ggo, nous vous encourageons \u00e0 repenser vos habitudes pour un mode de vie plus durable. En effet,\u00a0<strong>les programmes de lavage moderne<\/strong>\u00a0sont con\u00e7us pour \u00eatre\u00a0<strong>tout aussi efficaces<\/strong>\u00a0sans cette \u00e9tape de pr\u00e9rin\u00e7age.<\/p>\t\t\t\t\t\t\t\t<\/div>\n\t\t\t\t<\/div>\n\t\t\t\t<\/div>\n\t\t\t\t<\/div>\n\t\t<div class=\"elementor-element elementor-element-fa1bf60 e-con-full e-flex e-con e-child\" data-id=\"fa1bf60\" data-element_type=\"container\" data-e-type=\"container\">\n\t\t<div class=\"elementor-element elementor-element-aae67c5 e-con-full e-flex e-con e-child\" data-id=\"aae67c5\" data-element_type=\"container\" data-e-type=\"container\">\n\t\t\t\t<div class=\"elementor-element elementor-element-7428b54 elementor-widget elementor-widget-heading\" data-id=\"7428b54\" data-element_type=\"widget\" data-e-type=\"widget\" data-widget_type=\"heading.default\">\n\t\t\t\t<div class=\"elementor-widget-container\">\n\t\t\t\t\t<h2 class=\"elementor-heading-title elementor-size-default\">\u00c9conomiser de l\u2019\u00e9nergie<\/h2>\t\t\t\t<\/div>\n\t\t\t\t<\/div>\n\t\t\t\t<div class=\"elementor-element elementor-element-fc2f424 elementor-widget elementor-widget-text-editor\" data-id=\"fc2f424\" data-element_type=\"widget\" data-e-type=\"widget\" data-widget_type=\"text-editor.default\">\n\t\t\t\t<div class=\"elementor-widget-container\">\n\t\t\t\t\t\t\t\t\t<p>La cl\u00e9 pour r\u00e9duire vos factures d\u2019\u00e9lectricit\u00e9 r\u00e9side dans l\u2019utilisation judicieuse de certaines fonctions de votre lave-vaisselle comme la\u00a0<strong>fonction de d\u00e9part diff\u00e9r\u00e9<\/strong>\u00a0et les\u00a0<strong>modes \u00e9co<\/strong>.<\/p>\n<ul>\n<li><strong>Fonction de d\u00e9part diff\u00e9r\u00e9<\/strong>\u00a0: c\u2019est un excellent moyen de r\u00e9aliser des \u00e9conomies. Cette fonction permet de programmer votre lave-vaisselle pour qu\u2019il d\u00e9marre \u00e0 une heure\u00a0<strong>o\u00f9 les tarifs d\u2019\u00e9lectricit\u00e9 sont plus bas<\/strong>, g\u00e9n\u00e9ralement\u00a0<strong>pendant la nuit ou le week-end<\/strong>.<\/li>\n<li><strong>Modes \u00e9co\u00a0<\/strong>: ces programmes sont \u00e9labor\u00e9s pour\u00a0<strong>r\u00e9duire au maximum la consommation d\u2019eau\u00a0<\/strong>et d\u2019\u00e9nergie, tout en assurant une vaisselle propre.<\/li>\n<\/ul>\t\t\t\t\t\t\t\t<\/div>\n\t\t\t\t<\/div>\n\t\t\t\t<\/div>\n\t\t\t\t<\/div>\n\t\t\t\t<\/div>\n\t\t\t\t<\/div>\n\t\t\t\t\t<\/div>\n\t\t\t\t<\/div>\n\t\t<div class=\"elementor-element elementor-element-c794bcb e-flex e-con-boxed e-con e-parent\" data-id=\"c794bcb\" data-element_type=\"container\" data-e-type=\"container\" data-settings=\"{&quot;background_background&quot;:&quot;classic&quot;}\">\n\t\t\t\t\t<div class=\"e-con-inner\">\n\t\t<div class=\"elementor-element elementor-element-433659b e-con-full e-flex e-con e-child\" data-id=\"433659b\" data-element_type=\"container\" data-e-type=\"container\">\n\t\t\t\t<div class=\"elementor-element elementor-element-3d6115a elementor-widget elementor-widget-heading\" data-id=\"3d6115a\" data-element_type=\"widget\" data-e-type=\"widget\" data-widget_type=\"heading.default\">\n\t\t\t\t<div class=\"elementor-widget-container\">\n\t\t\t\t\t<h2 class=\"elementor-heading-title elementor-size-default\">Augmentez l\u2019efficacit\u00e9 de votre four<\/h2>\t\t\t\t<\/div>\n\t\t\t\t<\/div>\n\t\t<div class=\"elementor-element elementor-element-db7f50a e-con-full e-flex e-con e-child\" data-id=\"db7f50a\" data-element_type=\"container\" data-e-type=\"container\">\n\t\t<div class=\"elementor-element elementor-element-492fff5 e-con-full e-flex e-con e-child\" data-id=\"492fff5\" data-element_type=\"container\" data-e-type=\"container\">\n\t\t\t\t<div class=\"elementor-element elementor-element-0d6b973 elementor-widget elementor-widget-text-editor\" data-id=\"0d6b973\" data-element_type=\"widget\" data-e-type=\"widget\" data-widget_type=\"text-editor.default\">\n\t\t\t\t<div class=\"elementor-widget-container\">\n\t\t\t\t\t\t\t\t\t<p>Le four est le lieu o\u00f9 se concoctent de d\u00e9licieux plats qui ravissent vos invit\u00e9s. Son entretien augmenter son efficacit\u00e9 et prolonge sa dur\u00e9e de vie.<\/p>\n<h3 class=\"wp-block-heading\">Nettoyage r\u00e9gulier<\/h3>\n<p>Afin de maintenir votre four en bon \u00e9tat, nous vous recommandons de nettoyer sa cavit\u00e9 et sa vitre\u00a0<strong>toutes les deux semaines<\/strong>. Cela permettra de garder votre four propre mais aussi d\u2019assurer une cuisson optimale de vos plats.<\/p>\n<p>\u00a0<\/p>\n<h3 class=\"wp-block-heading\">\u00c9vitez l\u2019utilisation de papier aluminium<\/h3>\n<p>Le papier alu a la propri\u00e9t\u00e9 de\u00a0<strong>renvoyer la chaleur<\/strong>, ce qui peut d\u00e9s\u00e9quilibrer sa diffusion uniforme dans le four. Cette r\u00e9partition in\u00e9gale peut entrainer\u00a0<strong>une cuisson h\u00e9t\u00e9rog\u00e8ne de vos aliments.<\/strong><\/p>\n<h3 class=\"wp-block-heading\">Utilisation de la pyrolyse<\/h3>\n<p>La pyrolyse est une\u00a0<strong>fonction d\u2019autonettoyage<\/strong>\u00a0qui transforme les r\u00e9sidus alimentaires et les \u00e9claboussures en cendres gr\u00e2ce \u00e0 un processus \u00e0 tr\u00e8s haute temp\u00e9rature. C\u2019est un v\u00e9ritable atout, notamment lors des f\u00eates de fin d\u2019ann\u00e9e o\u00f9 votre four est particuli\u00e8rement sollicit\u00e9. En effet, bien que la pyrolyse soit tr\u00e8s pratique, elle a un\u00a0<strong>co\u00fbt \u00e9nerg\u00e9tique important<\/strong>. Il est donc pr\u00e9f\u00e9rable de l\u2019utiliser uniquement lorsque cela est n\u00e9cessaire. En \u00e9vitant une utilisation excessive de la pyrolyse, vous pouvez r\u00e9duire votre consommation d\u2019\u00e9nergie et contribuer \u00e0 un environnement plus durable.<\/p>\t\t\t\t\t\t\t\t<\/div>\n\t\t\t\t<\/div>\n\t\t\t\t<\/div>\n\t\t\t\t<\/div>\n\t\t\t\t<\/div>\n\t\t<div class=\"elementor-element elementor-element-7315106 e-con-full e-flex e-con e-child\" data-id=\"7315106\" data-element_type=\"container\" data-e-type=\"container\" data-settings=\"{&quot;background_background&quot;:&quot;classic&quot;}\">\n\t\t\t\t<\/div>\n\t\t\t\t\t<\/div>\n\t\t\t\t<\/div>\n\t\t<div class=\"elementor-element elementor-element-a61e025 e-flex e-con-boxed e-con e-parent\" data-id=\"a61e025\" data-element_type=\"container\" data-e-type=\"container\">\n\t\t\t\t\t<div class=\"e-con-inner\">\n\t\t<div class=\"elementor-element elementor-element-58f3050 e-con-full e-flex e-con e-child\" data-id=\"58f3050\" data-element_type=\"container\" data-e-type=\"container\">\n\t\t\t\t<div class=\"elementor-element elementor-element-b813fe8 elementor-widget elementor-widget-heading\" data-id=\"b813fe8\" data-element_type=\"widget\" data-e-type=\"widget\" data-widget_type=\"heading.default\">\n\t\t\t\t<div class=\"elementor-widget-container\">\n\t\t\t\t\t<h2 class=\"elementor-heading-title elementor-size-default\">Entretenez la hotte de votre cuisine<\/h2>\t\t\t\t<\/div>\n\t\t\t\t<\/div>\n\t\t\t\t<div class=\"elementor-element elementor-element-20575dc elementor-widget elementor-widget-text-editor\" data-id=\"20575dc\" data-element_type=\"widget\" data-e-type=\"widget\" data-widget_type=\"text-editor.default\">\n\t\t\t\t<div class=\"elementor-widget-container\">\n\t\t\t\t\t\t\t\t\t<p>La\u00a0<a href=\"https:\/\/www.eggo.lu\/cuisines\/electromenager\">hotte<\/a>\u00a0de votre cuisine, bien que souvent oubli\u00e9e lors des t\u00e2ches de nettoyage, est essentielle pour \u00e9liminer les odeurs et l\u2019humidit\u00e9. Voici quelques conseils pour un entretien efficace de votre hotte.<\/p>\t\t\t\t\t\t\t\t<\/div>\n\t\t\t\t<\/div>\n\t\t<div class=\"elementor-element elementor-element-f5ad482 e-con-full e-flex e-con e-child\" data-id=\"f5ad482\" data-element_type=\"container\" data-e-type=\"container\">\n\t\t<div class=\"elementor-element elementor-element-e1e56d5 e-con-full e-flex e-con e-child\" data-id=\"e1e56d5\" data-element_type=\"container\" data-e-type=\"container\">\n\t\t\t\t<div class=\"elementor-element elementor-element-cf26a7b elementor-widget elementor-widget-heading\" data-id=\"cf26a7b\" data-element_type=\"widget\" data-e-type=\"widget\" data-widget_type=\"heading.default\">\n\t\t\t\t<div class=\"elementor-widget-container\">\n\t\t\t\t\t<h2 class=\"elementor-heading-title elementor-size-default\">Nettoyage r\u00e9gulier du filtre<\/h2>\t\t\t\t<\/div>\n\t\t\t\t<\/div>\n\t\t\t\t<div class=\"elementor-element elementor-element-e08d939 elementor-widget elementor-widget-text-editor\" data-id=\"e08d939\" data-element_type=\"widget\" data-e-type=\"widget\" data-widget_type=\"text-editor.default\">\n\t\t\t\t<div class=\"elementor-widget-container\">\n\t\t\t\t\t\t\t\t\t<p>Un filtre nettoy\u00e9 est le\u00a0<strong>secret d\u2019une hotte efficace<\/strong>. Pour garantir son rendement optimal, nos sp\u00e9cialistes \u00e8ggo sugg\u00e8rent un nettoyage du filtre m\u00e9tallique\u00a0<strong>tous les deux mois<\/strong>. Cette action simple peut avoir un impact significatif sur la performance de votre hotte et la qualit\u00e9 de l\u2019air dans votre cuisine.<\/p>\t\t\t\t\t\t\t\t<\/div>\n\t\t\t\t<\/div>\n\t\t\t\t<\/div>\n\t\t<div class=\"elementor-element elementor-element-17a8c1b e-con-full e-flex e-con e-child\" data-id=\"17a8c1b\" data-element_type=\"container\" data-e-type=\"container\">\n\t\t\t\t<div class=\"elementor-element elementor-element-865189f elementor-widget elementor-widget-heading\" data-id=\"865189f\" data-element_type=\"widget\" data-e-type=\"widget\" data-widget_type=\"heading.default\">\n\t\t\t\t<div class=\"elementor-widget-container\">\n\t\t\t\t\t<h2 class=\"elementor-heading-title elementor-size-default\">Remplacement des filtres \u00e0 charbon<\/h2>\t\t\t\t<\/div>\n\t\t\t\t<\/div>\n\t\t\t\t<div class=\"elementor-element elementor-element-446de1a elementor-widget elementor-widget-text-editor\" data-id=\"446de1a\" data-element_type=\"widget\" data-e-type=\"widget\" data-widget_type=\"text-editor.default\">\n\t\t\t\t<div class=\"elementor-widget-container\">\n\t\t\t\t\t\t\t\t\t<p><strong>Selon la marque de votre hotte,\u00a0<\/strong>nous vous conseillons de remplacer vos filtres \u00e0 charbon\u00a0<strong>tous les deux \u00e0 six mois<\/strong>. Une bonne maintenance garantit une aspiration optimale des odeurs et la long\u00e9vit\u00e9 de votre appareil.<\/p>\t\t\t\t\t\t\t\t<\/div>\n\t\t\t\t<\/div>\n\t\t\t\t<\/div>\n\t\t\t\t<\/div>\n\t\t\t\t<\/div>\n\t\t<div class=\"elementor-element elementor-element-b510ddc e-con-full e-flex e-con e-child\" data-id=\"b510ddc\" data-element_type=\"container\" data-e-type=\"container\" data-settings=\"{&quot;background_background&quot;:&quot;classic&quot;}\">\n\t\t\t\t<\/div>\n\t\t\t\t\t<\/div>\n\t\t\t\t<\/div>\n\t\t<div class=\"elementor-element elementor-element-874f863 e-flex e-con-boxed e-con e-parent\" data-id=\"874f863\" data-element_type=\"container\" data-e-type=\"container\" data-settings=\"{&quot;background_background&quot;:&quot;classic&quot;}\">\n\t\t\t\t\t<div class=\"e-con-inner\">\n\t\t<div class=\"elementor-element elementor-element-ca633e3 e-con-full e-flex e-con e-child\" data-id=\"ca633e3\" data-element_type=\"container\" data-e-type=\"container\">\n\t\t\t\t<div class=\"elementor-element elementor-element-4ca2780 elementor-widget elementor-widget-heading\" data-id=\"4ca2780\" data-element_type=\"widget\" data-e-type=\"widget\" data-widget_type=\"heading.default\">\n\t\t\t\t<div class=\"elementor-widget-container\">\n\t\t\t\t\t<h2 class=\"elementor-heading-title elementor-size-default\">Gardez vos taques de cuisson en parfait \u00e9tat<\/h2>\t\t\t\t<\/div>\n\t\t\t\t<\/div>\n\t\t<div class=\"elementor-element elementor-element-c3dd448 e-con-full e-flex e-con e-child\" data-id=\"c3dd448\" data-element_type=\"container\" data-e-type=\"container\">\n\t\t<div class=\"elementor-element elementor-element-3aeb756 e-con-full e-flex e-con e-child\" data-id=\"3aeb756\" data-element_type=\"container\" data-e-type=\"container\">\n\t\t\t\t<div class=\"elementor-element elementor-element-5617315 elementor-widget elementor-widget-text-editor\" data-id=\"5617315\" data-element_type=\"widget\" data-e-type=\"widget\" data-widget_type=\"text-editor.default\">\n\t\t\t\t<div class=\"elementor-widget-container\">\n\t\t\t\t\t\t\t\t\t<p>Au quotidien, vos taques de cuisson sont sollicit\u00e9es pour pr\u00e9parer de d\u00e9licieux repas. Elles constituent le v\u00e9ritable noyau de votre activit\u00e9. Il est \u00e9vident que leur entretien est indispensable.<\/p>\n<h3 class=\"wp-block-heading\">Ma\u00eetrise de la puissance<\/h3>\n<p>L\u2019une des cl\u00e9s pour maintenir vos\u00a0<a href=\"https:\/\/www.eggo.lu\/cuisines\/electromenagers\/\">taques de cuisson<\/a>\u00a0en parfait \u00e9tat est la ma\u00eetrise de la puissance. En effet, une utilisation judicieuse de la puissance de vos taques de cuisson peut\u00a0<strong>optimiser la cuissons de vos aliments<\/strong>. Et oui, en r\u00e9alit\u00e9, il n\u2019est pas toujours indispensable de maintenir votre plaque de cuisson \u00e0 une puissance maximale. D\u00e8s que\u00a0<strong>la temp\u00e9rature id\u00e9ale est atteinte<\/strong>, vous pouvez\u00a0<strong>diminuer la puissance<\/strong>\u00a0pour pr\u00e9server la chaleur.<\/p>\n<h3 class=\"wp-block-heading\">Entretien adapt\u00e9 au type de taques<\/h3>\n<p>Chaque type de taques de cuisson, que ce soit en vitroc\u00e9ramique, \u00e0 induction ou \u00e9lectrique, requiert un\u00a0<strong>entretien sp\u00e9cifique<\/strong>. En suivant ces recommandations, vous pouvez significativement prolonger leur dur\u00e9e de vie.<\/p>\n<ul>\n<li><strong>Vitroc\u00e9ramique<\/strong>\u00a0: Utilisez un grattoir et un produit sp\u00e9cifique pour le nettoyage, et ce, pendant que la chaleur r\u00e9siduelle est encore pr\u00e9sente (ne jamais nettoyer \u00e0 froid).<\/li>\n<li><strong>Induction<\/strong>\u00a0: Pas besoin de grattoir pour ce type de taque, mais un produit sp\u00e9cifique reste indispensable. Le nettoyage doit \u00eatre effectu\u00e9 \u00e0 froid.<\/li>\n<li><strong>\u00c9lectrique\u00a0<\/strong>: Un simple passage avec une lingette humide peut suffire. Cependant, des produits sp\u00e9cifiques sont disponibles si vous souhaitez un nettoyage plus approfondi<\/li>\n<\/ul>\t\t\t\t\t\t\t\t<\/div>\n\t\t\t\t<\/div>\n\t\t\t\t<\/div>\n\t\t\t\t<\/div>\n\t\t\t\t<\/div>\n\t\t<div class=\"elementor-element elementor-element-af77718 e-con-full e-flex e-con e-child\" data-id=\"af77718\" data-element_type=\"container\" data-e-type=\"container\" data-settings=\"{&quot;background_background&quot;:&quot;classic&quot;}\">\n\t\t\t\t<\/div>\n\t\t\t\t\t<\/div>\n\t\t\t\t<\/div>\n\t\t<div class=\"elementor-element elementor-element-2bc2128 e-grid e-con-boxed e-con e-parent\" data-id=\"2bc2128\" data-element_type=\"container\" data-e-type=\"container\" data-settings=\"{&quot;background_background&quot;:&quot;classic&quot;}\">\n\t\t\t\t\t<div class=\"e-con-inner\">\n\t\t<div class=\"elementor-element elementor-element-552d3bb e-con-full e-flex e-con e-child\" data-id=\"552d3bb\" data-element_type=\"container\" data-e-type=\"container\">\n\t\t\t\t<div class=\"elementor-element elementor-element-4cfbdc6 elementor-widget elementor-widget-heading\" data-id=\"4cfbdc6\" data-element_type=\"widget\" data-e-type=\"widget\" data-widget_type=\"heading.default\">\n\t\t\t\t<div class=\"elementor-widget-container\">\n\t\t\t\t\t<h2 class=\"elementor-heading-title elementor-size-default\">Nous vous aidons \u00e0 adopter un comportement plus \u00e9co-responsable avec votre mat\u00e9riel de cuisine<\/h2>\t\t\t\t<\/div>\n\t\t\t\t<\/div>\n\t\t\t\t<div class=\"elementor-element elementor-element-9f38fb0 elementor-widget elementor-widget-text-editor\" data-id=\"9f38fb0\" data-element_type=\"widget\" data-e-type=\"widget\" data-widget_type=\"text-editor.default\">\n\t\t\t\t<div class=\"elementor-widget-container\">\n\t\t\t\t\t\t\t\t\t<p>Chez \u00e8ggo, nous sommes engag\u00e9s \u00e0 vous aider \u00e0 adopter une approche plus respectueuse de l\u2019environnement avec votre \u00e9quipement de cuisine. Nous avons lanc\u00e9 des actions innovantes en mati\u00e8re d\u2019\u00e9cologie. Nos conseillers \u00e8ggo sont pr\u00eats \u00e0 vous accompagner dans votre\u00a0<a href=\"https:\/\/www.eggo.lu\/eggo-life\">transition environnementale<\/a>.<br \/>En effet, nous nous d\u00e9dions \u00e0 vous offrir des\u00a0<strong>produits de haute qualit\u00e9<\/strong>. Explorez notre\u00a0<strong>s\u00e9lection d\u2019appareils\u00a0<\/strong><a href=\"https:\/\/www.eggo.lu\/cuisines\/electromenager\"><strong>\u00e9lectrom\u00e9nagers<\/strong><\/a>\u00a0et trouvez ceux qui r\u00e9pondent parfaitement \u00e0 vos exigences.<br \/>Pour plus de conseils sur l\u2019am\u00e9nagement de votre cuisine, n\u2019h\u00e9sitez pas \u00e0 d\u00e9couvrir nos autres articles de blog ou \u00e0 nous contacter directement. Ensemble, nous pouvons cr\u00e9er la cuisine de vos r\u00eaves tout en respectant l\u2019environnement.<\/p>\n<p>\u00a0<\/p>\n<p>En effet, nous nous engageons \u00e0 vous fournir des <strong>produits de qualit\u00e9<\/strong> et \u00e0 vous accompagner dans leur utilisation optimale. D\u00e9couvrez <strong>notre gamme <a href=\"\/cuisines\/electromenager\/\">d\u2019\u00e9lectrom\u00e9nagers<\/a><\/strong> et trouver les appareils qui correspondent \u00e0 vos besoins.<\/p>\t\t\t\t\t\t\t\t<\/div>\n\t\t\t\t<\/div>\n\t\t<div class=\"elementor-element elementor-element-eab48aa e-con-full e-flex e-con e-child\" data-id=\"eab48aa\" data-element_type=\"container\" data-e-type=\"container\">\n\t\t\t\t<div class=\"elementor-element elementor-element-5217ed7 elementor-widget elementor-widget-image\" data-id=\"5217ed7\" data-element_type=\"widget\" data-e-type=\"widget\" data-widget_type=\"image.default\">\n\t\t\t\t<div class=\"elementor-widget-container\">\n\t\t\t\t\t\t\t\t\t\t\t\t\t\t\t<img loading=\"lazy\" decoding=\"async\" width=\"960\" height=\"550\" src=\"https:\/\/www.eggo.lu\/wp-content\/uploads\/2025\/04\/visu2.jpg\" class=\"attachment-large size-large wp-image-17982\" alt=\"Vue a\u00e9rienne d&#039;une for\u00eat dense avec des arbres verts entourant des plans d&#039;eau, partiellement couverts de nuages blancs dispers\u00e9s.\" srcset=\"https:\/\/www.eggo.lu\/wp-content\/uploads\/2025\/04\/visu2.jpg 960w, https:\/\/www.eggo.lu\/wp-content\/uploads\/2025\/04\/visu2-300x172.jpg 300w, https:\/\/www.eggo.lu\/wp-content\/uploads\/2025\/04\/visu2-768x440.jpg 768w\" sizes=\"(max-width: 960px) 100vw, 960px\" \/>\t\t\t\t\t\t\t\t\t\t\t\t\t\t\t<\/div>\n\t\t\t\t<\/div>\n\t\t\t\t<\/div>\n\t\t\t\t<\/div>\n\t\t\t\t\t<\/div>\n\t\t\t\t<\/div>\n\t\t<div class=\"elementor-element elementor-element-5e3e0bb e-flex e-con-boxed e-con e-parent\" data-id=\"5e3e0bb\" data-element_type=\"container\" data-e-type=\"container\">\n\t\t\t\t\t<div class=\"e-con-inner\">\n\t\t\t\t<div class=\"elementor-element elementor-element-2bc3409 elementor-widget elementor-widget-image\" data-id=\"2bc3409\" data-element_type=\"widget\" data-e-type=\"widget\" data-widget_type=\"image.default\">\n\t\t\t\t<div class=\"elementor-widget-container\">\n\t\t\t\t\t\t\t\t\t\t\t\t\t\t\t<img loading=\"lazy\" decoding=\"async\" width=\"150\" height=\"150\" src=\"https:\/\/www.eggo.lu\/wp-content\/uploads\/2025\/03\/cath-150x150.jpg\" class=\"attachment-thumbnail size-thumbnail wp-image-36198\" alt=\"Personne souriante en chemise blanche devant un mur v\u00e9g\u00e9tal avec le logo &quot;\u00e8ggo&quot; en lettres blanches.\" srcset=\"https:\/\/www.eggo.lu\/wp-content\/uploads\/2025\/03\/cath-150x150.jpg 150w, https:\/\/www.eggo.lu\/wp-content\/uploads\/2025\/03\/cath-300x300.jpg 300w, https:\/\/www.eggo.lu\/wp-content\/uploads\/2025\/03\/cath-1024x1024.jpg 1024w, https:\/\/www.eggo.lu\/wp-content\/uploads\/2025\/03\/cath-768x768.jpg 768w, https:\/\/www.eggo.lu\/wp-content\/uploads\/2025\/03\/cath-184x184.jpg 184w, https:\/\/www.eggo.lu\/wp-content\/uploads\/2025\/03\/cath.jpg 1080w\" sizes=\"(max-width: 150px) 100vw, 150px\" \/>\t\t\t\t\t\t\t\t\t\t\t\t\t\t\t<\/div>\n\t\t\t\t<\/div>\n\t\t\t\t<div class=\"elementor-element elementor-element-858ac5e elementor-widget__width-initial elementor-widget elementor-widget-heading\" data-id=\"858ac5e\" data-element_type=\"widget\" data-e-type=\"widget\" data-widget_type=\"heading.default\">\n\t\t\t\t<div class=\"elementor-widget-container\">\n\t\t\t\t\t<h2 class=\"elementor-heading-title elementor-size-default\">Parlez-nous de votre projet<\/h2>\t\t\t\t<\/div>\n\t\t\t\t<\/div>\n\t\t<div class=\"elementor-element elementor-element-f522390 e-con-full e-flex e-con e-child\" data-id=\"f522390\" data-element_type=\"container\" data-e-type=\"container\">\n\t\t\t\t<div class=\"elementor-element elementor-element-9ad6aaa elementor-align-justify elementor-widget__width-initial elementor-button-info elementor-widget-mobile__width-inherit elementor-widget elementor-widget-button\" data-id=\"9ad6aaa\" data-element_type=\"widget\" data-e-type=\"widget\" data-widget_type=\"button.default\">\n\t\t\t\t<div class=\"elementor-widget-container\">\n\t\t\t\t\t\t\t\t\t<div class=\"elementor-button-wrapper\">\n\t\t\t\t\t<a class=\"elementor-button elementor-button-link elementor-size-sm\" href=\"\/nos-showrooms\/\">\n\t\t\t\t\t\t<span class=\"elementor-button-content-wrapper\">\n\t\t\t\t\t\t<span class=\"elementor-button-icon\">\n\t\t\t\t<svg xmlns=\"http:\/\/www.w3.org\/2000\/svg\" width=\"21\" height=\"24\" viewBox=\"0 0 21 24\" fill=\"none\"><g clip-path=\"url(#clip0_2930_55779)\"><path d=\"M10.7219 23.3084C10.5776 23.3085 10.4349 23.2774 10.3037 23.2171C10.1725 23.1569 10.0559 23.0689 9.96193 22.9594L7.99993 20.6684H2.27393C1.74349 20.6684 1.23478 20.4576 0.859712 20.0826C0.484639 19.7075 0.273926 19.1988 0.273926 18.6684V2.69336C0.273926 2.16293 0.484639 1.65422 0.859712 1.27915C1.23478 0.904073 1.74349 0.693359 2.27393 0.693359L18.7259 0.693359C19.2564 0.693359 19.7651 0.904073 20.1401 1.27915C20.5152 1.65422 20.7259 2.16293 20.7259 2.69336V18.6684C20.7259 19.1988 20.5152 19.7075 20.1401 20.0826C19.7651 20.4576 19.2564 20.6684 18.7259 20.6684H13.4449L11.4819 22.9594C11.3879 23.0689 11.2714 23.1569 11.1402 23.2171C11.009 23.2774 10.8663 23.3085 10.7219 23.3084ZM6.14293 10.8854C6.16275 10.973 6.18746 11.0595 6.21693 11.1444C6.35853 11.5999 6.59086 12.022 6.89993 12.3854C7.14641 12.6922 7.43768 12.9602 7.76393 13.1804C8.7414 13.8975 9.93738 14.2534 11.1479 14.1874C11.3479 14.1874 11.5099 14.1814 11.6169 14.1764C14.1799 14.1764 16.7419 11.7064 16.7679 11.6814V10.6434C16.763 10.6491 16.7573 10.6542 16.7509 10.6584C15.8713 11.346 14.9249 11.9436 13.9259 12.4424C13.3946 12.6839 12.8175 12.808 12.2339 12.8064C11.968 12.8082 11.7028 12.7807 11.4429 12.7244C11.8174 12.3897 12.1164 11.9791 12.32 11.52C12.5237 11.0608 12.6273 10.5636 12.6239 10.0614C12.6468 9.16625 12.3139 8.29857 11.6981 7.64851C11.0823 6.99844 10.234 6.61901 9.33893 6.59336C8.44389 6.61901 7.59552 6.99844 6.97976 7.64851C6.36399 8.29857 6.03106 9.16625 6.05393 10.0614C6.05396 10.3387 6.0855 10.6151 6.14793 10.8854H6.14293Z\" fill=\"#FE4F02\"><\/path><\/g><defs><clipPath id=\"clip0_2930_55779\"><rect width=\"20.452\" height=\"22.615\" fill=\"white\" transform=\"translate(0.273926 0.693359)\"><\/rect><\/clipPath><\/defs><\/svg>\t\t\t<\/span>\n\t\t\t\t\t\t\t\t\t<span class=\"elementor-button-text\">Nos showrooms<\/span>\n\t\t\t\t\t<\/span>\n\t\t\t\t\t<\/a>\n\t\t\t\t<\/div>\n\t\t\t\t\t\t\t\t<\/div>\n\t\t\t\t<\/div>\n\t\t\t\t<div class=\"elementor-element elementor-element-3dfae4a elementor-align-justify elementor-widget__width-initial elementor-button-info elementor-widget-mobile__width-inherit elementor-widget elementor-widget-button\" data-id=\"3dfae4a\" data-element_type=\"widget\" data-e-type=\"widget\" data-widget_type=\"button.default\">\n\t\t\t\t<div class=\"elementor-widget-container\">\n\t\t\t\t\t\t\t\t\t<div class=\"elementor-button-wrapper\">\n\t\t\t\t\t<a class=\"elementor-button elementor-button-link elementor-size-sm\" href=\"\/prendre-un-rendez-vous\/\">\n\t\t\t\t\t\t<span class=\"elementor-button-content-wrapper\">\n\t\t\t\t\t\t<span class=\"elementor-button-icon\">\n\t\t\t\t<svg xmlns=\"http:\/\/www.w3.org\/2000\/svg\" width=\"20\" height=\"22\" viewBox=\"0 0 20 22\" fill=\"none\"><g clip-path=\"url(#clip0_4139_8282)\"><path d=\"M14.75 4.20859H18.55C19.0747 4.20859 19.5 4.63393 19.5 5.15859V20.3586C19.5 20.8833 19.0747 21.3086 18.55 21.3086H1.45C0.925334 21.3086 0.5 20.8833 0.5 20.3586V5.15859C0.5 4.63393 0.925334 4.20859 1.45 4.20859H5.25V2.30859H7.15V4.20859H12.85V2.30859H14.75V4.20859ZM2.4 9.90859V19.4086H17.6V9.90859H2.4ZM4.3 13.7086H9.05V17.5086H4.3V13.7086Z\" fill=\"white\"><\/path><\/g><defs><clipPath id=\"clip0_4139_8282\"><rect width=\"19.319\" height=\"21.305\" fill=\"white\" transform=\"translate(0.5 0.308594)\"><\/rect><\/clipPath><\/defs><\/svg>\t\t\t<\/span>\n\t\t\t\t\t\t\t\t\t<span class=\"elementor-button-text\">Prendre un rendez-vous<\/span>\n\t\t\t\t\t<\/span>\n\t\t\t\t\t<\/a>\n\t\t\t\t<\/div>\n\t\t\t\t\t\t\t\t<\/div>\n\t\t\t\t<\/div>\n\t\t\t\t<\/div>\n\t\t\t\t\t<\/div>\n\t\t\t\t<\/div>\n\t\t\t\t<\/div>\n\t\t","protected":false},"excerpt":{"rendered":"<p>Chaque jour, nous utilisons nos appareils \u00e9lectrom\u00e9nagers afin de<strong> faciliter nos routines habituelles. <\/strong> Toutefois, leur durabilit\u00e9 est souvent mise \u00e0 rude \u00e9preuve. Que mettre en place pour y rem\u00e9dier ? Nos conseillers \u00e8ggo r\u00e9pondent pr\u00e9sents pour vous partager leur savoir-faire en mati\u00e8re d\u2019\u00e9lectrom\u00e9nagers.<\/p>\n<p>Dans cet article, nous vous invitons \u00e0 explorer ensemble <strong> les pistes simples et efficaces <strong> pour optimiser la dur\u00e9e de vie de vos appareils \u00e9lectrom\u00e9nagers.<\/p>\n","protected":false},"author":1,"featured_media":12127,"comment_status":"closed","ping_status":"open","sticky":false,"template":"","format":"standard","meta":{"footnotes":""},"categories":[1],"tags":[],"class_list":["post-11530","post","type-post","status-publish","format-standard","has-post-thumbnail","hentry","category-astuce"],"yoast_head":"<!-- This site is optimized with the Yoast SEO Premium plugin v24.9 (Yoast SEO v27.0) - https:\/\/yoast.com\/product\/yoast-seo-premium-wordpress\/ -->\n<title>5 conseils pour prolonger la dur\u00e9e de vie de vos \u00e9lectrom\u00e9nagers - Eggo<\/title>\n<meta name=\"description\" content=\"D\u00e9couvrez comment maximiser la dur\u00e9e de vie de vos appareils \u00e9lectro et faire des \u00e9conomies d\u2019\u00e9nergie avec les conseils \u00e9co-responsables de nos experts.\" \/>\n<meta name=\"robots\" content=\"index, follow, max-snippet:-1, max-image-preview:large, max-video-preview:-1\" \/>\n<link rel=\"canonical\" href=\"https:\/\/www.eggo.be\/nl\/blog\/hoe-laat-je-je-elektrotoestellen-langer-meegaan-en-bespaar-je-energie\/\" \/>\n<meta property=\"og:locale\" content=\"fr_FR\" \/>\n<meta property=\"og:type\" content=\"article\" \/>\n<meta property=\"og:title\" content=\"Nos\u00a0astuces\u00a0pour\u00a0maximiser la dur\u00e9e de vie\u00a0de vos appareils\u00a0\u00e9lectrom\u00e9nagers\u00a0et faire des\u00a0\u00e9conomies d\u2019\u00e9nergie - Eggo\" \/>\n<meta property=\"og:description\" content=\"Chaque jour, nous utilisons nos appareils \u00e9lectrom\u00e9nagers afin de faciliter nos routines habituelles. Toutefois, leur durabilit\u00e9 est souvent mise \u00e0 rude \u00e9preuve. Que mettre en place pour y rem\u00e9dier ? Nos conseillers \u00e8ggo r\u00e9pondent pr\u00e9sents pour vous partager leur savoir-faire en mati\u00e8re d\u2019\u00e9lectrom\u00e9nagers. Dans cet article, nous vous invitons \u00e0 explorer ensemble les pistes simples et efficaces pour optimiser la dur\u00e9e de vie de vos appareils \u00e9lectrom\u00e9nagers.\" \/>\n<meta property=\"og:url\" content=\"https:\/\/www.eggo.be\/nl\/blog\/hoe-laat-je-je-elektrotoestellen-langer-meegaan-en-bespaar-je-energie\/\" \/>\n<meta property=\"og:site_name\" content=\"Eggo\" \/>\n<meta property=\"article:publisher\" content=\"https:\/\/www.facebook.com\/eggokitchen\" \/>\n<meta property=\"article:published_time\" content=\"2025-03-28T17:03:51+00:00\" \/>\n<meta property=\"article:modified_time\" content=\"2025-11-14T13:09:36+00:00\" \/>\n<meta property=\"og:image\" content=\"https:\/\/www.eggo.lu\/wp-content\/uploads\/2025\/03\/Rectangle-330-13-1.png\" \/>\n\t<meta property=\"og:image:width\" content=\"737\" \/>\n\t<meta property=\"og:image:height\" content=\"528\" \/>\n\t<meta property=\"og:image:type\" content=\"image\/png\" \/>\n<meta name=\"author\" content=\"eggo_dev\" \/>\n<meta name=\"twitter:card\" content=\"summary_large_image\" \/>\n<meta name=\"twitter:label1\" content=\"Written by\" \/>\n\t<meta name=\"twitter:data1\" content=\"eggo_dev\" \/>\n\t<meta name=\"twitter:label2\" content=\"Est. reading time\" \/>\n\t<meta name=\"twitter:data2\" content=\"9 minutes\" \/>\n<script type=\"application\/ld+json\" class=\"yoast-schema-graph\">{\"@context\":\"https:\/\/schema.org\",\"@graph\":[{\"@type\":[\"Article\",\"BlogPosting\"],\"@id\":\"https:\/\/www.eggo.be\/nl\/blog\/hoe-laat-je-je-elektrotoestellen-langer-meegaan-en-bespaar-je-energie\/#article\",\"isPartOf\":{\"@id\":\"https:\/\/www.eggo.lu\/fr\/blog\/comment-prolonger-la-duree-de-vie-de-vos-appareils-electromenagers\/\"},\"author\":{\"name\":\"eggo_dev\",\"@id\":\"https:\/\/www.eggo.lu\/fr\/#\/schema\/person\/f1a88564081ac55fe209562d84349f4d\"},\"headline\":\"Nos\u00a0astuces\u00a0pour\u00a0maximiser la dur\u00e9e de vie\u00a0de vos appareils\u00a0\u00e9lectrom\u00e9nagers\u00a0et faire des\u00a0\u00e9conomies d\u2019\u00e9nergie\",\"datePublished\":\"2025-03-28T17:03:51+00:00\",\"dateModified\":\"2025-11-14T13:09:36+00:00\",\"mainEntityOfPage\":{\"@id\":\"https:\/\/www.eggo.lu\/fr\/blog\/comment-prolonger-la-duree-de-vie-de-vos-appareils-electromenagers\/\"},\"wordCount\":1637,\"publisher\":{\"@id\":\"https:\/\/www.eggo.lu\/fr\/#organization\"},\"image\":{\"@id\":\"https:\/\/www.eggo.be\/nl\/blog\/hoe-laat-je-je-elektrotoestellen-langer-meegaan-en-bespaar-je-energie\/#primaryimage\"},\"thumbnailUrl\":\"https:\/\/www.eggo.lu\/wp-content\/uploads\/2025\/03\/Rectangle-330-13-1.png\",\"articleSection\":[\"Astuce\"],\"inLanguage\":\"fr-FR\",\"copyrightYear\":\"2025\",\"copyrightHolder\":{\"@id\":\"https:\/\/www.eggo.lu\/#organization\"}},{\"@type\":\"WebPage\",\"@id\":\"https:\/\/www.eggo.lu\/fr\/blog\/comment-prolonger-la-duree-de-vie-de-vos-appareils-electromenagers\/\",\"url\":\"https:\/\/www.eggo.be\/nl\/blog\/hoe-laat-je-je-elektrotoestellen-langer-meegaan-en-bespaar-je-energie\/\",\"name\":\"5 conseils pour prolonger la dur\u00e9e de vie de vos \u00e9lectrom\u00e9nagers - Eggo\",\"isPartOf\":{\"@id\":\"https:\/\/www.eggo.lu\/fr\/#website\"},\"primaryImageOfPage\":{\"@id\":\"https:\/\/www.eggo.be\/nl\/blog\/hoe-laat-je-je-elektrotoestellen-langer-meegaan-en-bespaar-je-energie\/#primaryimage\"},\"image\":{\"@id\":\"https:\/\/www.eggo.be\/nl\/blog\/hoe-laat-je-je-elektrotoestellen-langer-meegaan-en-bespaar-je-energie\/#primaryimage\"},\"thumbnailUrl\":\"https:\/\/www.eggo.lu\/wp-content\/uploads\/2025\/03\/Rectangle-330-13-1.png\",\"datePublished\":\"2025-03-28T17:03:51+00:00\",\"dateModified\":\"2025-11-14T13:09:36+00:00\",\"description\":\"D\u00e9couvrez comment maximiser la dur\u00e9e de vie de vos appareils \u00e9lectro et faire des \u00e9conomies d\u2019\u00e9nergie avec les conseils \u00e9co-responsables de nos experts.\",\"breadcrumb\":{\"@id\":\"https:\/\/www.eggo.be\/nl\/blog\/hoe-laat-je-je-elektrotoestellen-langer-meegaan-en-bespaar-je-energie\/#breadcrumb\"},\"inLanguage\":\"fr-FR\",\"potentialAction\":[{\"@type\":\"ReadAction\",\"target\":[\"https:\/\/www.eggo.be\/nl\/blog\/hoe-laat-je-je-elektrotoestellen-langer-meegaan-en-bespaar-je-energie\/\"]}]},{\"@type\":\"ImageObject\",\"inLanguage\":\"fr-FR\",\"@id\":\"https:\/\/www.eggo.be\/nl\/blog\/hoe-laat-je-je-elektrotoestellen-langer-meegaan-en-bespaar-je-energie\/#primaryimage\",\"url\":\"https:\/\/www.eggo.lu\/wp-content\/uploads\/2025\/03\/Rectangle-330-13-1.png\",\"contentUrl\":\"https:\/\/www.eggo.lu\/wp-content\/uploads\/2025\/03\/Rectangle-330-13-1.png\",\"width\":737,\"height\":528,\"caption\":\"Un bocal en verre rempli de pi\u00e8ces de monnaie avec une plante verte poussant au-dessus, entour\u00e9 de piles de pi\u00e8ces sur un fond flou vert.\"},{\"@type\":\"BreadcrumbList\",\"@id\":\"https:\/\/www.eggo.be\/nl\/blog\/hoe-laat-je-je-elektrotoestellen-langer-meegaan-en-bespaar-je-energie\/#breadcrumb\",\"itemListElement\":[{\"@type\":\"ListItem\",\"position\":1,\"name\":\"Home\",\"item\":\"https:\/\/www.eggo.lu\/fr\/\"},{\"@type\":\"ListItem\",\"position\":2,\"name\":\"Nos\u00a0astuces\u00a0pour\u00a0maximiser la dur\u00e9e de vie\u00a0de vos appareils\u00a0\u00e9lectrom\u00e9nagers\u00a0et faire des\u00a0\u00e9conomies d\u2019\u00e9nergie\"}]},{\"@type\":\"WebSite\",\"@id\":\"https:\/\/www.eggo.lu\/fr\/#website\",\"url\":\"https:\/\/www.eggo.lu\/fr\/\",\"name\":\"\u00e8ggo\",\"description\":\"\",\"publisher\":{\"@id\":\"https:\/\/www.eggo.lu\/fr\/#organization\"},\"potentialAction\":[{\"@type\":\"SearchAction\",\"target\":{\"@type\":\"EntryPoint\",\"urlTemplate\":\"https:\/\/www.eggo.lu\/fr\/?s={search_term_string}\"},\"query-input\":{\"@type\":\"PropertyValueSpecification\",\"valueRequired\":true,\"valueName\":\"search_term_string\"}}],\"inLanguage\":\"fr-FR\"},{\"@type\":[\"Organization\",\"Place\"],\"@id\":\"https:\/\/www.eggo.lu\/fr\/#organization\",\"name\":\"\u00e8ggo\",\"alternateName\":\"eggo\",\"url\":\"https:\/\/www.eggo.lu\/fr\/\",\"logo\":{\"@id\":\"https:\/\/www.eggo.be\/nl\/blog\/hoe-laat-je-je-elektrotoestellen-langer-meegaan-en-bespaar-je-energie\/#local-main-organization-logo\"},\"image\":{\"@id\":\"https:\/\/www.eggo.be\/nl\/blog\/hoe-laat-je-je-elektrotoestellen-langer-meegaan-en-bespaar-je-energie\/#local-main-organization-logo\"},\"sameAs\":[\"https:\/\/www.facebook.com\/eggokitchen\",\"https:\/\/www.linkedin.com\/company\/eggo\/\"],\"description\":\"Des cuisines et meubles de rangement de qualit\u00e9 \u00e0 des prix avantageux ! D\u00e9couvrez nos mod\u00e8les et prenez rendez-vous en ligne dans votre showroom \u00e8ggo.\",\"telephone\":[],\"openingHoursSpecification\":[{\"@type\":\"OpeningHoursSpecification\",\"dayOfWeek\":[\"Monday\",\"Tuesday\",\"Wednesday\",\"Thursday\",\"Friday\",\"Saturday\",\"Sunday\"],\"opens\":\"09:00\",\"closes\":\"17:00\"}]},{\"@type\":\"Person\",\"@id\":\"https:\/\/www.eggo.lu\/fr\/#\/schema\/person\/f1a88564081ac55fe209562d84349f4d\",\"name\":\"eggo_dev\",\"image\":{\"@type\":\"ImageObject\",\"inLanguage\":\"fr-FR\",\"@id\":\"https:\/\/www.eggo.lu\/fr\/#\/schema\/person\/image\/\",\"url\":\"https:\/\/secure.gravatar.com\/avatar\/bcd415b3cafef8b98a91e4fa49eee6f47f5175896333b1b082adbf6a671a8782?s=96&d=mm&r=g\",\"contentUrl\":\"https:\/\/secure.gravatar.com\/avatar\/bcd415b3cafef8b98a91e4fa49eee6f47f5175896333b1b082adbf6a671a8782?s=96&d=mm&r=g\",\"caption\":\"eggo_dev\"},\"sameAs\":[\"https:\/\/www.eggo.be\"],\"url\":\"https:\/\/www.eggo.lu\/fr\/author\/eggo_dev\/\"},{\"@type\":\"ImageObject\",\"inLanguage\":\"fr-FR\",\"@id\":\"https:\/\/www.eggo.be\/nl\/blog\/hoe-laat-je-je-elektrotoestellen-langer-meegaan-en-bespaar-je-energie\/#local-main-organization-logo\",\"url\":\"https:\/\/www.eggo.lu\/wp-content\/uploads\/2025\/01\/Logo.png\",\"contentUrl\":\"https:\/\/www.eggo.lu\/wp-content\/uploads\/2025\/01\/Logo.png\",\"width\":88,\"height\":88,\"caption\":\"\u00e8ggo\"}]}<\/script>\n<!-- \/ Yoast SEO Premium plugin. -->","yoast_head_json":{"title":"5 conseils pour prolonger la dur\u00e9e de vie de vos \u00e9lectrom\u00e9nagers - Eggo","description":"D\u00e9couvrez comment maximiser la dur\u00e9e de vie de vos appareils \u00e9lectro et faire des \u00e9conomies d\u2019\u00e9nergie avec les conseils \u00e9co-responsables de nos experts.","robots":{"index":"index","follow":"follow","max-snippet":"max-snippet:-1","max-image-preview":"max-image-preview:large","max-video-preview":"max-video-preview:-1"},"canonical":"https:\/\/www.eggo.be\/nl\/blog\/hoe-laat-je-je-elektrotoestellen-langer-meegaan-en-bespaar-je-energie\/","og_locale":"fr_FR","og_type":"article","og_title":"Nos\u00a0astuces\u00a0pour\u00a0maximiser la dur\u00e9e de vie\u00a0de vos appareils\u00a0\u00e9lectrom\u00e9nagers\u00a0et faire des\u00a0\u00e9conomies d\u2019\u00e9nergie - Eggo","og_description":"Chaque jour, nous utilisons nos appareils \u00e9lectrom\u00e9nagers afin de faciliter nos routines habituelles. Toutefois, leur durabilit\u00e9 est souvent mise \u00e0 rude \u00e9preuve. Que mettre en place pour y rem\u00e9dier ? Nos conseillers \u00e8ggo r\u00e9pondent pr\u00e9sents pour vous partager leur savoir-faire en mati\u00e8re d\u2019\u00e9lectrom\u00e9nagers. Dans cet article, nous vous invitons \u00e0 explorer ensemble les pistes simples et efficaces pour optimiser la dur\u00e9e de vie de vos appareils \u00e9lectrom\u00e9nagers.","og_url":"https:\/\/www.eggo.be\/nl\/blog\/hoe-laat-je-je-elektrotoestellen-langer-meegaan-en-bespaar-je-energie\/","og_site_name":"Eggo","article_publisher":"https:\/\/www.facebook.com\/eggokitchen","article_published_time":"2025-03-28T17:03:51+00:00","article_modified_time":"2025-11-14T13:09:36+00:00","og_image":[{"width":737,"height":528,"url":"https:\/\/www.eggo.lu\/wp-content\/uploads\/2025\/03\/Rectangle-330-13-1.png","type":"image\/png"}],"author":"eggo_dev","twitter_card":"summary_large_image","twitter_misc":{"Written by":"eggo_dev","Est. reading time":"9 minutes"},"schema":{"@context":"https:\/\/schema.org","@graph":[{"@type":["Article","BlogPosting"],"@id":"https:\/\/www.eggo.be\/nl\/blog\/hoe-laat-je-je-elektrotoestellen-langer-meegaan-en-bespaar-je-energie\/#article","isPartOf":{"@id":"https:\/\/www.eggo.lu\/fr\/blog\/comment-prolonger-la-duree-de-vie-de-vos-appareils-electromenagers\/"},"author":{"name":"eggo_dev","@id":"https:\/\/www.eggo.lu\/fr\/#\/schema\/person\/f1a88564081ac55fe209562d84349f4d"},"headline":"Nos\u00a0astuces\u00a0pour\u00a0maximiser la dur\u00e9e de vie\u00a0de vos appareils\u00a0\u00e9lectrom\u00e9nagers\u00a0et faire des\u00a0\u00e9conomies d\u2019\u00e9nergie","datePublished":"2025-03-28T17:03:51+00:00","dateModified":"2025-11-14T13:09:36+00:00","mainEntityOfPage":{"@id":"https:\/\/www.eggo.lu\/fr\/blog\/comment-prolonger-la-duree-de-vie-de-vos-appareils-electromenagers\/"},"wordCount":1637,"publisher":{"@id":"https:\/\/www.eggo.lu\/fr\/#organization"},"image":{"@id":"https:\/\/www.eggo.be\/nl\/blog\/hoe-laat-je-je-elektrotoestellen-langer-meegaan-en-bespaar-je-energie\/#primaryimage"},"thumbnailUrl":"https:\/\/www.eggo.lu\/wp-content\/uploads\/2025\/03\/Rectangle-330-13-1.png","articleSection":["Astuce"],"inLanguage":"fr-FR","copyrightYear":"2025","copyrightHolder":{"@id":"https:\/\/www.eggo.lu\/#organization"}},{"@type":"WebPage","@id":"https:\/\/www.eggo.lu\/fr\/blog\/comment-prolonger-la-duree-de-vie-de-vos-appareils-electromenagers\/","url":"https:\/\/www.eggo.be\/nl\/blog\/hoe-laat-je-je-elektrotoestellen-langer-meegaan-en-bespaar-je-energie\/","name":"5 conseils pour prolonger la dur\u00e9e de vie de vos \u00e9lectrom\u00e9nagers - Eggo","isPartOf":{"@id":"https:\/\/www.eggo.lu\/fr\/#website"},"primaryImageOfPage":{"@id":"https:\/\/www.eggo.be\/nl\/blog\/hoe-laat-je-je-elektrotoestellen-langer-meegaan-en-bespaar-je-energie\/#primaryimage"},"image":{"@id":"https:\/\/www.eggo.be\/nl\/blog\/hoe-laat-je-je-elektrotoestellen-langer-meegaan-en-bespaar-je-energie\/#primaryimage"},"thumbnailUrl":"https:\/\/www.eggo.lu\/wp-content\/uploads\/2025\/03\/Rectangle-330-13-1.png","datePublished":"2025-03-28T17:03:51+00:00","dateModified":"2025-11-14T13:09:36+00:00","description":"D\u00e9couvrez comment maximiser la dur\u00e9e de vie de vos appareils \u00e9lectro et faire des \u00e9conomies d\u2019\u00e9nergie avec les conseils \u00e9co-responsables de nos experts.","breadcrumb":{"@id":"https:\/\/www.eggo.be\/nl\/blog\/hoe-laat-je-je-elektrotoestellen-langer-meegaan-en-bespaar-je-energie\/#breadcrumb"},"inLanguage":"fr-FR","potentialAction":[{"@type":"ReadAction","target":["https:\/\/www.eggo.be\/nl\/blog\/hoe-laat-je-je-elektrotoestellen-langer-meegaan-en-bespaar-je-energie\/"]}]},{"@type":"ImageObject","inLanguage":"fr-FR","@id":"https:\/\/www.eggo.be\/nl\/blog\/hoe-laat-je-je-elektrotoestellen-langer-meegaan-en-bespaar-je-energie\/#primaryimage","url":"https:\/\/www.eggo.lu\/wp-content\/uploads\/2025\/03\/Rectangle-330-13-1.png","contentUrl":"https:\/\/www.eggo.lu\/wp-content\/uploads\/2025\/03\/Rectangle-330-13-1.png","width":737,"height":528,"caption":"Un bocal en verre rempli de pi\u00e8ces de monnaie avec une plante verte poussant au-dessus, entour\u00e9 de piles de pi\u00e8ces sur un fond flou vert."},{"@type":"BreadcrumbList","@id":"https:\/\/www.eggo.be\/nl\/blog\/hoe-laat-je-je-elektrotoestellen-langer-meegaan-en-bespaar-je-energie\/#breadcrumb","itemListElement":[{"@type":"ListItem","position":1,"name":"Home","item":"https:\/\/www.eggo.lu\/fr\/"},{"@type":"ListItem","position":2,"name":"Nos\u00a0astuces\u00a0pour\u00a0maximiser la dur\u00e9e de vie\u00a0de vos appareils\u00a0\u00e9lectrom\u00e9nagers\u00a0et faire des\u00a0\u00e9conomies d\u2019\u00e9nergie"}]},{"@type":"WebSite","@id":"https:\/\/www.eggo.lu\/fr\/#website","url":"https:\/\/www.eggo.lu\/fr\/","name":"\u00e8ggo","description":"","publisher":{"@id":"https:\/\/www.eggo.lu\/fr\/#organization"},"potentialAction":[{"@type":"SearchAction","target":{"@type":"EntryPoint","urlTemplate":"https:\/\/www.eggo.lu\/fr\/?s={search_term_string}"},"query-input":{"@type":"PropertyValueSpecification","valueRequired":true,"valueName":"search_term_string"}}],"inLanguage":"fr-FR"},{"@type":["Organization","Place"],"@id":"https:\/\/www.eggo.lu\/fr\/#organization","name":"\u00e8ggo","alternateName":"eggo","url":"https:\/\/www.eggo.lu\/fr\/","logo":{"@id":"https:\/\/www.eggo.be\/nl\/blog\/hoe-laat-je-je-elektrotoestellen-langer-meegaan-en-bespaar-je-energie\/#local-main-organization-logo"},"image":{"@id":"https:\/\/www.eggo.be\/nl\/blog\/hoe-laat-je-je-elektrotoestellen-langer-meegaan-en-bespaar-je-energie\/#local-main-organization-logo"},"sameAs":["https:\/\/www.facebook.com\/eggokitchen","https:\/\/www.linkedin.com\/company\/eggo\/"],"description":"Des cuisines et meubles de rangement de qualit\u00e9 \u00e0 des prix avantageux ! D\u00e9couvrez nos mod\u00e8les et prenez rendez-vous en ligne dans votre showroom \u00e8ggo.","telephone":[],"openingHoursSpecification":[{"@type":"OpeningHoursSpecification","dayOfWeek":["Monday","Tuesday","Wednesday","Thursday","Friday","Saturday","Sunday"],"opens":"09:00","closes":"17:00"}]},{"@type":"Person","@id":"https:\/\/www.eggo.lu\/fr\/#\/schema\/person\/f1a88564081ac55fe209562d84349f4d","name":"eggo_dev","image":{"@type":"ImageObject","inLanguage":"fr-FR","@id":"https:\/\/www.eggo.lu\/fr\/#\/schema\/person\/image\/","url":"https:\/\/secure.gravatar.com\/avatar\/bcd415b3cafef8b98a91e4fa49eee6f47f5175896333b1b082adbf6a671a8782?s=96&d=mm&r=g","contentUrl":"https:\/\/secure.gravatar.com\/avatar\/bcd415b3cafef8b98a91e4fa49eee6f47f5175896333b1b082adbf6a671a8782?s=96&d=mm&r=g","caption":"eggo_dev"},"sameAs":["https:\/\/www.eggo.be"],"url":"https:\/\/www.eggo.lu\/fr\/author\/eggo_dev\/"},{"@type":"ImageObject","inLanguage":"fr-FR","@id":"https:\/\/www.eggo.be\/nl\/blog\/hoe-laat-je-je-elektrotoestellen-langer-meegaan-en-bespaar-je-energie\/#local-main-organization-logo","url":"https:\/\/www.eggo.lu\/wp-content\/uploads\/2025\/01\/Logo.png","contentUrl":"https:\/\/www.eggo.lu\/wp-content\/uploads\/2025\/01\/Logo.png","width":88,"height":88,"caption":"\u00e8ggo"}]}},"meta_box":{"promotion_toggle":"0","small_featured_promotion_toggle":"0","promotion_icon":[],"promotion_description":"","promotion_period":"","promotion_link":"","promotion_bg_color":"#ffffff","promotion_text_color":"#fe5000","read_more_content":"<h4>Nettoyer les joints d\u2019\u00e9tanch\u00e9it\u00e9<\/h4>\n<p>Voici quelques \u00e9tapes \u00e0 suivre pour un nettoyage efficace :<\/p>\n<ul>\n<li>Utilisez une brosse \u00e0 dent souple<\/li>\n<li>Pr\u00e9parez une solution de nettoyage compos\u00e9e de vinaigre blanc et d\u2019eau ti\u00e8de<\/li>\n<li>Nettoyez le joint avec un chiffon doux<\/li>\n<li>S\u00e9chez le joint correctement pour ne pas laisser de traces humides<\/li>\n<\/ul>\n<h4>Organiser vos aliments<\/h4>\n<p>Pour plus d\u2019infos, voici comment r\u00e9partir vos aliments dans votre frigo\u00a0:<\/p>\n<ul>\n<li>La zone la plus humide\u00a0: Situ\u00e9e tout en bas du frigo, c\u2019est l\u2019emplacement parfait pour conserver vos fruits et l\u00e9gumes frais.<\/li>\n<li>La zone la plus froide\u00a0: Situ\u00e9e au-dessus du bac \u00e0 l\u00e9gumes, c\u2019est l\u00e0 que la temp\u00e9rature est la plus basse g\u00e9n\u00e9ralement entre 0\u00b0 et 4\u00b0C. C\u2019est l\u2019endroit id\u00e9al pour conserver vos viandes et vos poissons.<\/li>\n<li>La zone fra\u00eeche\u00a0: Situ\u00e9e au milieu du frigo, la temp\u00e9rature varie entre 4\u00b0 et 6\u00b0C. Vous pouvez y conserver vos produits laitiers comme le lait, le fromage et les yaourts.<\/li>\n<li>La zone temp\u00e9r\u00e9e\u00a0: Situ\u00e9e en haut du frigo, vos aliments cuits, vos p\u00e2tisseries et vos plats pr\u00e9par\u00e9s y trouveront leur place pour assurer leur bonne conservation. La temp\u00e9rature y est g\u00e9n\u00e9ralement entre 6\u00b0 et 10\u00b0C.<\/li>\n<\/ul>\n<h4>\u00c9conomiser de l\u2019\u00e9nergie<\/h4>\n<p>L\u2019utilisation judicieuse de la fonction de d\u00e9part diff\u00e9r\u00e9 et des modes \u00e9co de votre lave-vaisselle vous permet de r\u00e9duire votre facture d\u2019\u00e9lectricit\u00e9.<\/p>\n<ul>\n<li>Fonction de d\u00e9part diff\u00e9r\u00e9\u00a0: elle vous permet de programmer votre lave-vaisselle afin qu\u2019il d\u00e9marre \u00e0 une heure o\u00f9 les tarifs d\u2019\u00e9lectricit\u00e9 sont plus bas, c\u2019est-\u00e0-dire durant la nuit ou le week-end.<\/li>\n<li>Modes \u00e9co\u00a0: ces programmes sont con\u00e7us pour minimiser l\u2019utilisation de l\u2019eau et de l\u2019\u00e9nergie tout en garantissant une propret\u00e9 impeccable de votre service de table.<\/li>\n<\/ul>\n<h4>Entretenez la hotte de votre cuisine<\/h4>\n<p>La <a href=\"\/cuisines\/electromenager\/\">hotte<\/a> est souvent oubli\u00e9e lors du nettoyage de la cuisine. Pourtant, celle-ci est indispensable pour \u00e9viter les odeurs et l\u2019humidit\u00e9. Pour r\u00e9aliser un nettoyage efficace, quelques gestes simples peuvent suffire.<\/p>\n<h3>Gardez vos taques de cuisson en parfait \u00e9tat<\/h3>\n<p>Vos <a href=\"\/cuisines\/electromenager\/\">taques de cuissons<\/a> sont sollicit\u00e9es au quotidien. Elles sont le v\u00e9ritable centre d\u2019activit\u00e9 de votre cuisine et m\u00e9ritent une attention particuli\u00e8re. Il en va de soi que leur entretien est une \u00e9tape non n\u00e9gligeable.<\/p>\n<h4>Ma\u00eetrise de la puissance<\/h4>\n<p>L\u2019utilisation intelligente de la puissance de vos taques de cuisson permet non seulement d\u2019optimiser la cuisson de vos aliments, mais aussi d\u2019\u00e9conomiser de l\u2019\u00e9nergie. En effet, il n\u2019est pas toujours n\u00e9cessaire de laisser votre plaque de cuisson sur une puissance \u00e9lev\u00e9e. Une fois la temp\u00e9rature souhait\u00e9e atteinte, vous pouvez la r\u00e9duire pour en conserver la chaleur.<\/p>\n<h4>Entretien adapt\u00e9 au type de taques<\/h4>\n<p>Chaque type de taques de cuisson, qu\u2019elles soient en vitroc\u00e9ramique, \u00e0 induction ou \u00e9lectriques, n\u00e9cessite un nettoyage sp\u00e9cifique. En respectant ces exigences, vous pouvez prolonger consid\u00e9rablement leur dur\u00e9e de vie.<\/p>\n<ul>\n<li>Vitroc\u00e9ramique\u00a0: nettoyez avec un grattoir et un produit adapt\u00e9 et ce, lorsque la chaleur r\u00e9siduelle est toujours pr\u00e9sente (jamais \u00e0 froid).<\/li>\n<li>Induction\u00a0: plus besoin de grattoir mais un produit adapt\u00e9 est toujours indispensable. Pour ce type de taque, vous devez le faire \u00e0 froid.<\/li>\n<li>\u00c9lectrique\u00a0: frotter simplement avec une lingette humide peut suffire. Il existe cependant des produits adapt\u00e9s que vous pouvez utiliser si vous le souhaitez.<\/li>\n<\/ul>\n"},"_links":{"self":[{"href":"https:\/\/www.eggo.lu\/fr\/wp-json\/wp\/v2\/posts\/11530","targetHints":{"allow":["GET"]}}],"collection":[{"href":"https:\/\/www.eggo.lu\/fr\/wp-json\/wp\/v2\/posts"}],"about":[{"href":"https:\/\/www.eggo.lu\/fr\/wp-json\/wp\/v2\/types\/post"}],"author":[{"embeddable":true,"href":"https:\/\/www.eggo.lu\/fr\/wp-json\/wp\/v2\/users\/1"}],"replies":[{"embeddable":true,"href":"https:\/\/www.eggo.lu\/fr\/wp-json\/wp\/v2\/comments?post=11530"}],"version-history":[{"count":137,"href":"https:\/\/www.eggo.lu\/fr\/wp-json\/wp\/v2\/posts\/11530\/revisions"}],"predecessor-version":[{"id":40485,"href":"https:\/\/www.eggo.lu\/fr\/wp-json\/wp\/v2\/posts\/11530\/revisions\/40485"}],"wp:featuredmedia":[{"embeddable":true,"href":"https:\/\/www.eggo.lu\/fr\/wp-json\/wp\/v2\/media\/12127"}],"wp:attachment":[{"href":"https:\/\/www.eggo.lu\/fr\/wp-json\/wp\/v2\/media?parent=11530"}],"wp:term":[{"taxonomy":"category","embeddable":true,"href":"https:\/\/www.eggo.lu\/fr\/wp-json\/wp\/v2\/categories?post=11530"},{"taxonomy":"post_tag","embeddable":true,"href":"https:\/\/www.eggo.lu\/fr\/wp-json\/wp\/v2\/tags?post=11530"}],"curies":[{"name":"wp","href":"https:\/\/api.w.org\/{rel}","templated":true}]}}